{"id":2916,"date":"2025-01-11T15:52:24","date_gmt":"2025-01-11T18:52:24","guid":{"rendered":"https:\/\/sergiodesouza.com.br\/blog\/?p=2916"},"modified":"2025-01-11T15:52:24","modified_gmt":"2025-01-11T18:52:24","slug":"entendendo-a-colocacao-pronominal-proclise-enclise-e-mesoclise","status":"publish","type":"post","link":"https:\/\/sergiodesouza.com.br\/blog\/index.php\/2025\/01\/11\/entendendo-a-colocacao-pronominal-proclise-enclise-e-mesoclise\/","title":{"rendered":"Entendendo a Coloca\u00e7\u00e3o Pronominal: Pr\u00f3clise, \u00canclise e Mes\u00f3clise"},"content":{"rendered":"\n<p>Os tr\u00eas termos referem-se \u00e0 posi\u00e7\u00e3o do pronome obl\u00edquo \u00e1tono em rela\u00e7\u00e3o ao verbo. Entender isso \u00e9 essencial para empregar cada forma corretamente:<\/p>\n\n\n\n<ul>\n<li><strong>Pr\u00f3clise:<\/strong> O pronome aparece antes do verbo.\n<ul>\n<li>Exemplo: Eles <strong>m<em>e<\/em><\/strong><em> disseram que voc\u00ea vir\u00e1.<\/em><\/li>\n<\/ul>\n<\/li>\n\n\n\n<li><strong>\u00canclise:<\/strong> O pronome aparece depois do verbo.\n<ul>\n<li>Exemplo: <em>Disseram-<strong>me<\/strong> que voc\u00ea vir\u00e1.<\/em><\/li>\n<\/ul>\n<\/li>\n\n\n\n<li><strong>Mes\u00f3clise:<\/strong> O pronome aparece no meio do verbo, mas apenas quando o verbo est\u00e1 no futuro do presente ou no futuro do pret\u00e9rito.\n<ul>\n<li>Exemplo: <em>Dir-<strong>me<\/strong>-iam se soubessem.<\/em><\/li>\n<\/ul>\n<\/li>\n<\/ul>\n\n\n\n<p>A escolha entre essas tr\u00eas formas depende de alguns fatores gramaticais e estil\u00edsticos que explicaremos a seguir.<\/p>\n\n\n\n<hr class=\"wp-block-separator has-alpha-channel-opacity\"\/>\n\n\n\n<h3 class=\"wp-block-heading\">Pr\u00f3clise: Quando usar?<\/h3>\n\n\n\n<p>A pr\u00f3clise \u00e9 obrigat\u00f3ria quando h\u00e1 palavras que atraem o pronome, conhecidas como <strong>palavras atrativas<\/strong>. Alguns exemplos:<\/p>\n\n\n\n<ol start=\"1\">\n<li><strong>Palavras negativas:<\/strong>\n<ul>\n<li><em>N\u00e3o <strong>me <\/strong>disseram a verdade.<\/em><\/li>\n<\/ul>\n<\/li>\n\n\n\n<li><strong>Adv\u00e9rbios:<\/strong>\n<ul>\n<li><em>Sempre <strong>se <\/strong>dedicou aos estudos.<\/em><\/li>\n<\/ul>\n<\/li>\n\n\n\n<li><strong>Pronomes relativos, demonstrativos ou indefinidos:<\/strong>\n<ul>\n<li><em>Quem <strong>me <\/strong>conhece sabe.<\/em><\/li>\n\n\n\n<li><em>Algu\u00e9m <strong>lhe <\/strong>falou sobre o caso.<\/em><\/li>\n<\/ul>\n<\/li>\n\n\n\n<li><strong>Conjun\u00e7\u00f5es subordinativas:<\/strong>\n<ul>\n<li><em>Caso <strong>me <\/strong>veja, avise.<\/em><\/li>\n<\/ul>\n<\/li>\n<\/ol>\n\n\n\n<hr class=\"wp-block-separator has-alpha-channel-opacity\"\/>\n\n\n\n<h3 class=\"wp-block-heading\">\u00canclise: Quando usar?<\/h3>\n\n\n\n<p>A \u00e9nclise \u00e9 preferida ou obrigat\u00f3ria em situa\u00e7\u00f5es em que o verbo est\u00e1 no in\u00edcio da ora\u00e7\u00e3o, sem nenhuma palavra atrativa antes dele:<\/p>\n\n\n\n<ol start=\"1\">\n<li><strong>Verbo no in\u00edcio da frase:<\/strong>\n<ul>\n<li><em>Dedicou-<strong>se <\/strong>\u00e0 pesquisa com afinco.<\/em><\/li>\n<\/ul>\n<\/li>\n\n\n\n<li><strong>Com infinitivo impessoal ou ger\u00fandio:<\/strong>\n<ul>\n<li><em>Fazer-<strong>se <\/strong>respeitar \u00e9 essencial.<\/em><\/li>\n\n\n\n<li><em>Estavam ajudando-<strong>me <\/strong>a resolver a quest\u00e3o.<\/em><\/li>\n<\/ul>\n<\/li>\n<\/ol>\n\n\n\n<p><strong>Aten\u00e7\u00e3o:<\/strong> Em contextos informais, \u00e9 comum vermos constru\u00e7\u00f5es como <em>me dedicarei<\/em> em vez de <em>dedicar-me-ei<\/em>. Embora essa forma seja amplamente aceita na oralidade, \u00e9 importante observar a norma culta em textos escritos formais.<\/p>\n\n\n\n<hr class=\"wp-block-separator has-alpha-channel-opacity\"\/>\n\n\n\n<h3 class=\"wp-block-heading\">Mes\u00f3clise: Quando usar?<\/h3>\n\n\n\n<p>A mes\u00f3clise \u00e9 um caso mais raro, usado apenas com verbos no futuro do presente ou futuro do pret\u00e9rito quando n\u00e3o h\u00e1 palavras atrativas que justifiquem a pr\u00f3clise:<\/p>\n\n\n\n<ul>\n<li><em>Far-<strong>se<\/strong>-\u00e1 a entrega dos documentos.<\/em><\/li>\n\n\n\n<li><em>Dar-<strong>me<\/strong>-iam uma segunda chance, se fosse poss\u00edvel.<\/em><\/li>\n<\/ul>\n\n\n\n<p>Embora elegante, a mes\u00f3clise \u00e9 mais comum em contextos formais ou liter\u00e1rios.<\/p>\n\n\n\n<hr class=\"wp-block-separator has-alpha-channel-opacity\"\/>\n\n\n\n<h3 class=\"wp-block-heading\">A Proibi\u00e7\u00e3o de Iniciar Frases com Pronomes Obl\u00edquos<\/h3>\n\n\n\n<p>Voc\u00ea j\u00e1 deve ter ouvido que <strong>nunca se inicia uma frase com um pronome obl\u00edquo \u00e1tono<\/strong>. Essa regra existe porque o pronome obl\u00edquo n\u00e3o tem autonomia fon\u00e9tica, ou seja, ele precisa de um verbo ou uma palavra atrativa para se apoiar. Come\u00e7ar uma frase com um pronome obl\u00edquo \u00e1tono cria uma estrutura gramaticalmente incorreta.<\/p>\n\n\n\n<p><strong>Exemplo errado:<\/strong><\/p>\n\n\n\n<ul>\n<li><em><strong>Me <\/strong>avisaram do problema.<\/em> \u2718<\/li>\n\n\n\n<li><em><strong>Me <\/strong>encontrei com ele.<\/em> \u2718<\/li>\n<\/ul>\n\n\n\n<p><strong>Forma correta:<\/strong><\/p>\n\n\n\n<ul>\n<li><em>Avisaram-<strong>me <\/strong>do problema.<\/em><\/li>\n\n\n\n<li>Encontrei-<strong>me <\/strong>com ele<\/li>\n<\/ul>\n\n\n\n<p>Essa proibi\u00e7\u00e3o tamb\u00e9m reflete a busca pela clareza e a eleg\u00e2ncia no uso da l\u00edngua, evitando ambiguidades.<\/p>\n\n\n\n<hr class=\"wp-block-separator has-alpha-channel-opacity\"\/>\n\n\n\n<h3 class=\"wp-block-heading\">Dicas Pr\u00e1ticas para Evitar Erros<\/h3>\n\n\n\n<ol start=\"1\">\n<li><strong>Identifique palavras atrativas:<\/strong> Antes de decidir a posi\u00e7\u00e3o do pronome, procure por palavras negativas, adv\u00e9rbios ou conjun\u00e7\u00f5es que possam atrair o pronome.<\/li>\n\n\n\n<li><strong>Revise a constru\u00e7\u00e3o da frase:<\/strong> Caso sua frase comece com um pronome obl\u00edquo, reestruture-a para garantir o uso da \u00e9nclise ou outra forma adequada.<\/li>\n\n\n\n<li><strong>Leia em voz alta:<\/strong> Muitas vezes, perceberemos o erro ao ouvirmos a frase.<\/li>\n<\/ol>\n\n\n\n<hr class=\"wp-block-separator has-alpha-channel-opacity\"\/>\n\n\n\n<h3 class=\"wp-block-heading\">Conclus\u00e3o<\/h3>\n\n\n\n<p>Dominar pr\u00f3clise, \u00e9nclise e mes\u00f3clise \u00e9 um passo importante para escrever com clareza e eleg\u00e2ncia. Embora algumas dessas regras possam parecer excessivamente formais, principalmente na oralidade, a norma culta ainda \u00e9 um padr\u00e3o de excel\u00eancia na escrita.<\/p>\n\n\n\n<p>Esperamos que esse artigo tenha ajudado a esclarecer essas quest\u00f5es e que voc\u00ea se sinta mais confiante ao utilizar os pronomes obl\u00edquos. Afinal, uma comunica\u00e7\u00e3o precisa e bem estruturada \u00e9 um dos maiores patrim\u00f4nios de quem domina a l\u00edngua portuguesa!<\/p>\n","protected":false},"excerpt":{"rendered":"<p>Os tr\u00eas termos referem-se \u00e0 posi\u00e7\u00e3o do pronome obl\u00edquo \u00e1tono em rela\u00e7\u00e3o ao verbo. Entender isso \u00e9 essencial para empregar cada forma corretamente: A escolha entre essas tr\u00eas formas depende de alguns fatores gramaticais e estil\u00edsticos que explicaremos a seguir. Pr\u00f3clise: Quando usar? A pr\u00f3clise \u00e9 obrigat\u00f3ria quando h\u00e1 palavras que atraem o pronome, conhecidas como palavras atrativas. Alguns exemplos: \u00canclise: Quando usar? A \u00e9nclise \u00e9 preferida ou obrigat\u00f3ria em situa\u00e7\u00f5es em que o verbo est\u00e1 no in\u00edcio da ora\u00e7\u00e3o, sem nenhuma palavra atrativa antes dele: Aten\u00e7\u00e3o: Em contextos informais, \u00e9 comum vermos constru\u00e7\u00f5es como me dedicarei em vez de dedicar-me-ei. Embora essa forma seja amplamente aceita na oralidade, \u00e9 importante observar a norma culta em textos escritos formais. Mes\u00f3clise: Quando usar? A mes\u00f3clise \u00e9 um caso mais raro, usado apenas com verbos no futuro do presente ou futuro do pret\u00e9rito quando n\u00e3o h\u00e1 palavras atrativas que justifiquem a pr\u00f3clise: Embora elegante, a mes\u00f3clise \u00e9 mais comum em contextos formais ou liter\u00e1rios. A Proibi\u00e7\u00e3o de Iniciar Frases com Pronomes Obl\u00edquos Voc\u00ea j\u00e1 deve ter ouvido que nunca se inicia uma frase com um pronome obl\u00edquo \u00e1tono. Essa regra existe porque o pronome obl\u00edquo n\u00e3o tem autonomia fon\u00e9tica, ou seja, ele precisa de um verbo ou uma palavra atrativa para se apoiar. Come\u00e7ar uma frase com um pronome obl\u00edquo \u00e1tono cria uma estrutura gramaticalmente incorreta. Exemplo errado: Forma correta: Essa proibi\u00e7\u00e3o tamb\u00e9m reflete a busca pela clareza e a eleg\u00e2ncia no uso da l\u00edngua, evitando ambiguidades. Dicas Pr\u00e1ticas para Evitar Erros Conclus\u00e3o Dominar pr\u00f3clise, \u00e9nclise e mes\u00f3clise \u00e9 um passo importante para escrever com clareza e eleg\u00e2ncia. Embora algumas dessas regras possam parecer excessivamente formais, principalmente na oralidade, a norma culta ainda \u00e9 um padr\u00e3o de excel\u00eancia na escrita. Esperamos que esse artigo tenha ajudado a esclarecer essas quest\u00f5es e que voc\u00ea se sinta mais confiante ao utilizar os pronomes obl\u00edquos. Afinal, uma comunica\u00e7\u00e3o precisa e bem estruturada \u00e9 um dos maiores patrim\u00f4nios de quem domina a l\u00edngua portuguesa!<\/p>\n","protected":false},"author":1,"featured_media":2918,"comment_status":"open","ping_status":"open","sticky":false,"template":"","format":"standard","meta":{"footnotes":""},"categories":[55],"tags":[60,57],"_links":{"self":[{"href":"https:\/\/sergiodesouza.com.br\/blog\/index.php\/wp-json\/wp\/v2\/posts\/2916"}],"collection":[{"href":"https:\/\/sergiodesouza.com.br\/blog\/index.php\/wp-json\/wp\/v2\/posts"}],"about":[{"href":"https:\/\/sergiodesouza.com.br\/blog\/index.php\/wp-json\/wp\/v2\/types\/post"}],"author":[{"embeddable":true,"href":"https:\/\/sergiodesouza.com.br\/blog\/index.php\/wp-json\/wp\/v2\/users\/1"}],"replies":[{"embeddable":true,"href":"https:\/\/sergiodesouza.com.br\/blog\/index.php\/wp-json\/wp\/v2\/comments?post=2916"}],"version-history":[{"count":1,"href":"https:\/\/sergiodesouza.com.br\/blog\/index.php\/wp-json\/wp\/v2\/posts\/2916\/revisions"}],"predecessor-version":[{"id":2917,"href":"https:\/\/sergiodesouza.com.br\/blog\/index.php\/wp-json\/wp\/v2\/posts\/2916\/revisions\/2917"}],"wp:featuredmedia":[{"embeddable":true,"href":"https:\/\/sergiodesouza.com.br\/blog\/index.php\/wp-json\/wp\/v2\/media\/2918"}],"wp:attachment":[{"href":"https:\/\/sergiodesouza.com.br\/blog\/index.php\/wp-json\/wp\/v2\/media?parent=2916"}],"wp:term":[{"taxonomy":"category","embeddable":true,"href":"https:\/\/sergiodesouza.com.br\/blog\/index.php\/wp-json\/wp\/v2\/categories?post=2916"},{"taxonomy":"post_tag","embeddable":true,"href":"https:\/\/sergiodesouza.com.br\/blog\/index.php\/wp-json\/wp\/v2\/tags?post=2916"}],"curies":[{"name":"wp","href":"https:\/\/api.w.org\/{rel}","templated":true}]}}